{"id":17125,"date":"2020-10-08T16:49:37","date_gmt":"2020-10-08T14:49:37","guid":{"rendered":"https:\/\/www.hotelwallner.at\/?p=17125"},"modified":"2020-11-30T20:02:52","modified_gmt":"2020-11-30T19:02:52","slug":"stiftstflorian","status":"publish","type":"post","link":"https:\/\/www.hotelwallner.at\/it\/veranstaltungen\/stiftstflorian\/","title":{"rendered":"Stift St. Florian"},"content":{"rendered":"<p>Das Augustiner Chorherrenstift St. Florian ist ein Ort der Begegnung und Andacht, das kulturelle Zentrum der Region und ein Schatz des \u00d6sterreichischen Barock. Die Bibliothek mit mehr als 150.000 B\u00e4nden, der imperiale Marmorsaal, die Gruft mit dem Sarkophag Anton Bruckners sind nur einige der Sehensw\u00fcrdigkeiten.<\/p>\n<p><a href=\"http:\/\/www.stift-st-florian.at\/start.html\" target=\"_blank\" rel=\"noopener noreferrer\">Stift St. Florian<\/a><\/p>","protected":false},"excerpt":{"rendered":"<p>Eines der gr\u00f6\u00dften und bekanntesten Kl\u00f6ster aus der Barockzeit in \u00d6sterreich, steht in der Marktgemeinde St. Florian nahe Linz in Ober\u00f6sterreich.<\/p>","protected":false},"author":2,"featured_media":17273,"comment_status":"closed","ping_status":"closed","sticky":false,"template":"","format":"standard","meta":{"footnotes":""},"categories":[103],"tags":[],"yoast_head":"<!-- This site is optimized with the Yoast SEO plugin v22.3 - https:\/\/yoast.com\/wordpress\/plugins\/seo\/ -->\n<title>Stift St. Florian - Restaurant-Hotel Wallner zum gr\u00fcnen Baum<\/title>\n<meta name=\"robots\" content=\"index, follow, max-snippet:-1, max-image-preview:large, max-video-preview:-1\" \/>\n<link rel=\"canonical\" href=\"https:\/\/www.hotelwallner.at\/it\/veranstaltungen\/stiftstflorian\/\" \/>\n<meta property=\"og:locale\" content=\"it_IT\" \/>\n<meta property=\"og:type\" content=\"article\" \/>\n<meta property=\"og:title\" content=\"Stift St. Florian - Restaurant-Hotel Wallner zum gr\u00fcnen Baum\" \/>\n<meta property=\"og:description\" content=\"Eines der gr\u00f6\u00dften und bekanntesten Kl\u00f6ster aus der Barockzeit in \u00d6sterreich, steht in der Marktgemeinde St. Florian nahe Linz in Ober\u00f6sterreich.\" \/>\n<meta property=\"og:url\" content=\"https:\/\/www.hotelwallner.at\/it\/veranstaltungen\/stiftstflorian\/\" \/>\n<meta property=\"og:site_name\" content=\"Restaurant-Hotel Wallner zum gr\u00fcnen Baum\" \/>\n<meta property=\"article:publisher\" content=\"https:\/\/www.facebook.com\/restauranthotelwallner\/\" \/>\n<meta property=\"article:published_time\" content=\"2020-10-08T14:49:37+00:00\" \/>\n<meta property=\"article:modified_time\" content=\"2020-11-30T19:02:52+00:00\" \/>\n<meta property=\"og:image\" content=\"https:\/\/www.hotelwallner.at\/wp2017\/wp-content\/uploads\/2020\/11\/stiftstflorian.jpg\" \/>\n\t<meta property=\"og:image:width\" content=\"2048\" \/>\n\t<meta property=\"og:image:height\" content=\"1535\" \/>\n\t<meta property=\"og:image:type\" content=\"image\/jpeg\" \/>\n<meta name=\"author\" content=\"Stefan Wallner\" \/>\n<meta name=\"twitter:card\" content=\"summary_large_image\" \/>\n<meta name=\"twitter:label1\" content=\"Scritto da\" \/>\n\t<meta name=\"twitter:data1\" content=\"Stefan Wallner\" \/>\n<script type=\"application\/ld+json\" class=\"yoast-schema-graph\">{\"@context\":\"https:\/\/schema.org\",\"@graph\":[{\"@type\":\"Article\",\"@id\":\"https:\/\/www.hotelwallner.at\/hu\/veranstaltungen\/stiftstflorian\/#article\",\"isPartOf\":{\"@id\":\"https:\/\/www.hotelwallner.at\/hu\/veranstaltungen\/stiftstflorian\/\"},\"author\":{\"name\":\"Stefan Wallner\",\"@id\":\"https:\/\/www.hotelwallner.at\/#\/schema\/person\/0f06d2d1daa094f6a40743622cdb3e7b\"},\"headline\":\"Stift St. Florian\",\"datePublished\":\"2020-10-08T14:49:37+00:00\",\"dateModified\":\"2020-11-30T19:02:52+00:00\",\"mainEntityOfPage\":{\"@id\":\"https:\/\/www.hotelwallner.at\/hu\/veranstaltungen\/stiftstflorian\/\"},\"wordCount\":52,\"publisher\":{\"@id\":\"https:\/\/www.hotelwallner.at\/#organization\"},\"image\":{\"@id\":\"https:\/\/www.hotelwallner.at\/hu\/veranstaltungen\/stiftstflorian\/#primaryimage\"},\"thumbnailUrl\":\"https:\/\/www.hotelwallner.at\/wp2017\/wp-content\/uploads\/2020\/11\/stiftstflorian.jpg\",\"articleSection\":[\"Sehensw\u00fcrdigkeiten\"],\"inLanguage\":\"it-IT\"},{\"@type\":\"WebPage\",\"@id\":\"https:\/\/www.hotelwallner.at\/hu\/veranstaltungen\/stiftstflorian\/\",\"url\":\"https:\/\/www.hotelwallner.at\/hu\/veranstaltungen\/stiftstflorian\/\",\"name\":\"Stift St. Florian - Restaurant-Hotel Wallner zum gr\u00fcnen Baum\",\"isPartOf\":{\"@id\":\"https:\/\/www.hotelwallner.at\/#website\"},\"primaryImageOfPage\":{\"@id\":\"https:\/\/www.hotelwallner.at\/hu\/veranstaltungen\/stiftstflorian\/#primaryimage\"},\"image\":{\"@id\":\"https:\/\/www.hotelwallner.at\/hu\/veranstaltungen\/stiftstflorian\/#primaryimage\"},\"thumbnailUrl\":\"https:\/\/www.hotelwallner.at\/wp2017\/wp-content\/uploads\/2020\/11\/stiftstflorian.jpg\",\"datePublished\":\"2020-10-08T14:49:37+00:00\",\"dateModified\":\"2020-11-30T19:02:52+00:00\",\"breadcrumb\":{\"@id\":\"https:\/\/www.hotelwallner.at\/hu\/veranstaltungen\/stiftstflorian\/#breadcrumb\"},\"inLanguage\":\"it-IT\",\"potentialAction\":[{\"@type\":\"ReadAction\",\"target\":[\"https:\/\/www.hotelwallner.at\/hu\/veranstaltungen\/stiftstflorian\/\"]}]},{\"@type\":\"ImageObject\",\"inLanguage\":\"it-IT\",\"@id\":\"https:\/\/www.hotelwallner.at\/hu\/veranstaltungen\/stiftstflorian\/#primaryimage\",\"url\":\"https:\/\/www.hotelwallner.at\/wp2017\/wp-content\/uploads\/2020\/11\/stiftstflorian.jpg\",\"contentUrl\":\"https:\/\/www.hotelwallner.at\/wp2017\/wp-content\/uploads\/2020\/11\/stiftstflorian.jpg\",\"width\":2048,\"height\":1535,\"caption\":\"Ausflugsziel Stift St. Florian\"},{\"@type\":\"BreadcrumbList\",\"@id\":\"https:\/\/www.hotelwallner.at\/hu\/veranstaltungen\/stiftstflorian\/#breadcrumb\",\"itemListElement\":[{\"@type\":\"ListItem\",\"position\":1,\"name\":\"Startseite\",\"item\":\"https:\/\/www.hotelwallner.at\/\"},{\"@type\":\"ListItem\",\"position\":2,\"name\":\"Stift St. Florian\"}]},{\"@type\":\"WebSite\",\"@id\":\"https:\/\/www.hotelwallner.at\/#website\",\"url\":\"https:\/\/www.hotelwallner.at\/\",\"name\":\"Restaurant - Hotel Wallner\",\"description\":\"Ihr Hotel &amp; Restaurant in St. Valentin im Mostviertel\",\"publisher\":{\"@id\":\"https:\/\/www.hotelwallner.at\/#organization\"},\"potentialAction\":[{\"@type\":\"SearchAction\",\"target\":{\"@type\":\"EntryPoint\",\"urlTemplate\":\"https:\/\/www.hotelwallner.at\/?s={search_term_string}\"},\"query-input\":\"required name=search_term_string\"}],\"inLanguage\":\"it-IT\"},{\"@type\":\"Organization\",\"@id\":\"https:\/\/www.hotelwallner.at\/#organization\",\"name\":\"Restaurant-Hotel Wallner zum gr\u00fcnen Baum\",\"url\":\"https:\/\/www.hotelwallner.at\/\",\"logo\":{\"@type\":\"ImageObject\",\"inLanguage\":\"it-IT\",\"@id\":\"https:\/\/www.hotelwallner.at\/#\/schema\/logo\/image\/\",\"url\":\"https:\/\/www.hotelwallner.at\/wp2017\/wp-content\/uploads\/2015\/05\/wallner-Logo.png\",\"contentUrl\":\"https:\/\/www.hotelwallner.at\/wp2017\/wp-content\/uploads\/2015\/05\/wallner-Logo.png\",\"width\":500,\"height\":245,\"caption\":\"Restaurant-Hotel Wallner zum gr\u00fcnen Baum\"},\"image\":{\"@id\":\"https:\/\/www.hotelwallner.at\/#\/schema\/logo\/image\/\"},\"sameAs\":[\"https:\/\/www.facebook.com\/restauranthotelwallner\/\",\"https:\/\/www.instagram.com\/restaurant_hotel_wallner\/\"]},{\"@type\":\"Person\",\"@id\":\"https:\/\/www.hotelwallner.at\/#\/schema\/person\/0f06d2d1daa094f6a40743622cdb3e7b\",\"name\":\"Stefan Wallner\",\"url\":\"https:\/\/www.hotelwallner.at\/it\/veranstaltungen\/author\/stefan-wallner\/\"}]}<\/script>\n<!-- \/ Yoast SEO plugin. -->","yoast_head_json":{"title":"Stift St. Florian - Restaurant-Hotel Wallner zum gr\u00fcnen Baum","robots":{"index":"index","follow":"follow","max-snippet":"max-snippet:-1","max-image-preview":"max-image-preview:large","max-video-preview":"max-video-preview:-1"},"canonical":"https:\/\/www.hotelwallner.at\/it\/veranstaltungen\/stiftstflorian\/","og_locale":"it_IT","og_type":"article","og_title":"Stift St. Florian - Restaurant-Hotel Wallner zum gr\u00fcnen Baum","og_description":"Eines der gr\u00f6\u00dften und bekanntesten Kl\u00f6ster aus der Barockzeit in \u00d6sterreich, steht in der Marktgemeinde St. Florian nahe Linz in Ober\u00f6sterreich.","og_url":"https:\/\/www.hotelwallner.at\/it\/veranstaltungen\/stiftstflorian\/","og_site_name":"Restaurant-Hotel Wallner zum gr\u00fcnen Baum","article_publisher":"https:\/\/www.facebook.com\/restauranthotelwallner\/","article_published_time":"2020-10-08T14:49:37+00:00","article_modified_time":"2020-11-30T19:02:52+00:00","og_image":[{"width":2048,"height":1535,"url":"https:\/\/www.hotelwallner.at\/wp2017\/wp-content\/uploads\/2020\/11\/stiftstflorian.jpg","type":"image\/jpeg"}],"author":"Stefan Wallner","twitter_card":"summary_large_image","twitter_misc":{"Scritto da":"Stefan Wallner"},"schema":{"@context":"https:\/\/schema.org","@graph":[{"@type":"Article","@id":"https:\/\/www.hotelwallner.at\/hu\/veranstaltungen\/stiftstflorian\/#article","isPartOf":{"@id":"https:\/\/www.hotelwallner.at\/hu\/veranstaltungen\/stiftstflorian\/"},"author":{"name":"Stefan Wallner","@id":"https:\/\/www.hotelwallner.at\/#\/schema\/person\/0f06d2d1daa094f6a40743622cdb3e7b"},"headline":"Stift St. Florian","datePublished":"2020-10-08T14:49:37+00:00","dateModified":"2020-11-30T19:02:52+00:00","mainEntityOfPage":{"@id":"https:\/\/www.hotelwallner.at\/hu\/veranstaltungen\/stiftstflorian\/"},"wordCount":52,"publisher":{"@id":"https:\/\/www.hotelwallner.at\/#organization"},"image":{"@id":"https:\/\/www.hotelwallner.at\/hu\/veranstaltungen\/stiftstflorian\/#primaryimage"},"thumbnailUrl":"https:\/\/www.hotelwallner.at\/wp2017\/wp-content\/uploads\/2020\/11\/stiftstflorian.jpg","articleSection":["Sehensw\u00fcrdigkeiten"],"inLanguage":"it-IT"},{"@type":"WebPage","@id":"https:\/\/www.hotelwallner.at\/hu\/veranstaltungen\/stiftstflorian\/","url":"https:\/\/www.hotelwallner.at\/hu\/veranstaltungen\/stiftstflorian\/","name":"Stift St. Florian - Restaurant-Hotel Wallner zum gr\u00fcnen Baum","isPartOf":{"@id":"https:\/\/www.hotelwallner.at\/#website"},"primaryImageOfPage":{"@id":"https:\/\/www.hotelwallner.at\/hu\/veranstaltungen\/stiftstflorian\/#primaryimage"},"image":{"@id":"https:\/\/www.hotelwallner.at\/hu\/veranstaltungen\/stiftstflorian\/#primaryimage"},"thumbnailUrl":"https:\/\/www.hotelwallner.at\/wp2017\/wp-content\/uploads\/2020\/11\/stiftstflorian.jpg","datePublished":"2020-10-08T14:49:37+00:00","dateModified":"2020-11-30T19:02:52+00:00","breadcrumb":{"@id":"https:\/\/www.hotelwallner.at\/hu\/veranstaltungen\/stiftstflorian\/#breadcrumb"},"inLanguage":"it-IT","potentialAction":[{"@type":"ReadAction","target":["https:\/\/www.hotelwallner.at\/hu\/veranstaltungen\/stiftstflorian\/"]}]},{"@type":"ImageObject","inLanguage":"it-IT","@id":"https:\/\/www.hotelwallner.at\/hu\/veranstaltungen\/stiftstflorian\/#primaryimage","url":"https:\/\/www.hotelwallner.at\/wp2017\/wp-content\/uploads\/2020\/11\/stiftstflorian.jpg","contentUrl":"https:\/\/www.hotelwallner.at\/wp2017\/wp-content\/uploads\/2020\/11\/stiftstflorian.jpg","width":2048,"height":1535,"caption":"Ausflugsziel Stift St. Florian"},{"@type":"BreadcrumbList","@id":"https:\/\/www.hotelwallner.at\/hu\/veranstaltungen\/stiftstflorian\/#breadcrumb","itemListElement":[{"@type":"ListItem","position":1,"name":"Startseite","item":"https:\/\/www.hotelwallner.at\/"},{"@type":"ListItem","position":2,"name":"Stift St. Florian"}]},{"@type":"WebSite","@id":"https:\/\/www.hotelwallner.at\/#website","url":"https:\/\/www.hotelwallner.at\/","name":"Restaurant - Hotel Wallner","description":"Ihr Hotel &amp; Restaurant in St. Valentin im Mostviertel","publisher":{"@id":"https:\/\/www.hotelwallner.at\/#organization"},"potentialAction":[{"@type":"SearchAction","target":{"@type":"EntryPoint","urlTemplate":"https:\/\/www.hotelwallner.at\/?s={search_term_string}"},"query-input":"required name=search_term_string"}],"inLanguage":"it-IT"},{"@type":"Organization","@id":"https:\/\/www.hotelwallner.at\/#organization","name":"Restaurant-Hotel Wallner zum gr\u00fcnen Baum","url":"https:\/\/www.hotelwallner.at\/","logo":{"@type":"ImageObject","inLanguage":"it-IT","@id":"https:\/\/www.hotelwallner.at\/#\/schema\/logo\/image\/","url":"https:\/\/www.hotelwallner.at\/wp2017\/wp-content\/uploads\/2015\/05\/wallner-Logo.png","contentUrl":"https:\/\/www.hotelwallner.at\/wp2017\/wp-content\/uploads\/2015\/05\/wallner-Logo.png","width":500,"height":245,"caption":"Restaurant-Hotel Wallner zum gr\u00fcnen Baum"},"image":{"@id":"https:\/\/www.hotelwallner.at\/#\/schema\/logo\/image\/"},"sameAs":["https:\/\/www.facebook.com\/restauranthotelwallner\/","https:\/\/www.instagram.com\/restaurant_hotel_wallner\/"]},{"@type":"Person","@id":"https:\/\/www.hotelwallner.at\/#\/schema\/person\/0f06d2d1daa094f6a40743622cdb3e7b","name":"Stefan Wallner","url":"https:\/\/www.hotelwallner.at\/it\/veranstaltungen\/author\/stefan-wallner\/"}]}},"publishpress_future_action":{"enabled":false,"date":"2026-05-09 04:45:29","action":"change-status","newStatus":"draft","terms":[],"taxonomy":"category"},"_links":{"self":[{"href":"https:\/\/www.hotelwallner.at\/it\/wp-json\/wp\/v2\/posts\/17125"}],"collection":[{"href":"https:\/\/www.hotelwallner.at\/it\/wp-json\/wp\/v2\/posts"}],"about":[{"href":"https:\/\/www.hotelwallner.at\/it\/wp-json\/wp\/v2\/types\/post"}],"author":[{"embeddable":true,"href":"https:\/\/www.hotelwallner.at\/it\/wp-json\/wp\/v2\/users\/2"}],"replies":[{"embeddable":true,"href":"https:\/\/www.hotelwallner.at\/it\/wp-json\/wp\/v2\/comments?post=17125"}],"version-history":[{"count":4,"href":"https:\/\/www.hotelwallner.at\/it\/wp-json\/wp\/v2\/posts\/17125\/revisions"}],"predecessor-version":[{"id":17299,"href":"https:\/\/www.hotelwallner.at\/it\/wp-json\/wp\/v2\/posts\/17125\/revisions\/17299"}],"wp:featuredmedia":[{"embeddable":true,"href":"https:\/\/www.hotelwallner.at\/it\/wp-json\/wp\/v2\/media\/17273"}],"wp:attachment":[{"href":"https:\/\/www.hotelwallner.at\/it\/wp-json\/wp\/v2\/media?parent=17125"}],"wp:term":[{"taxonomy":"category","embeddable":true,"href":"https:\/\/www.hotelwallner.at\/it\/wp-json\/wp\/v2\/categories?post=17125"},{"taxonomy":"post_tag","embeddable":true,"href":"https:\/\/www.hotelwallner.at\/it\/wp-json\/wp\/v2\/tags?post=17125"}],"curies":[{"name":"wp","href":"https:\/\/api.w.org\/{rel}","templated":true}]}}