{"id":17110,"date":"2020-10-08T16:26:30","date_gmt":"2020-10-08T14:26:30","guid":{"rendered":"https:\/\/www.hotelwallner.at\/?p=17110"},"modified":"2020-11-30T20:23:38","modified_gmt":"2020-11-30T19:23:38","slug":"keltendorfmitterkirchen","status":"publish","type":"post","link":"https:\/\/www.hotelwallner.at\/hu\/veranstaltungen\/keltendorfmitterkirchen\/","title":{"rendered":"Szabadt\u00e9ri m\u00fazeum Keltendorf"},"content":{"rendered":"<p>A Szabadt\u00e9ri N\u00e9prajzi M\u00fazeum (Das Freilichtmuseum Keltendorf Mitterkirchen), a keltendorfi K\u00f6zponti Templom \u00e9s a s\u00edrkamra mutatja be a kelta telep\u00fcl\u00e9s r\u00e9gi idej\u00e9t. A keny\u00e9rs\u00fct\u0151 h\u00e1zban (Das Brotbackhaus) a h\u00e1ziak, a mai napig egy\u00fctt s\u00fctik az ide l\u00e1togat\u00f3kkal a hagyom\u00e1nyos parasztkenyeret.<\/p>\n<p><a href=\"http:\/\/www.keltendorf-mitterkirchen.at\/keltendorf\" target=\"_blank\" rel=\"noopener noreferrer\">Szabadt\u00e9ri m\u00fazeum Keltendorf<\/a><\/p>\n<p>&nbsp;<\/p>","protected":false},"excerpt":{"rendered":"<p>Reisen Sie gemeinsam mit Ihrer Familie in die Urgeschichte<\/p>","protected":false},"author":2,"featured_media":17231,"comment_status":"closed","ping_status":"closed","sticky":false,"template":"","format":"standard","meta":{"footnotes":""},"categories":[103],"tags":[],"yoast_head":"<!-- This site is optimized with the Yoast SEO plugin v22.3 - https:\/\/yoast.com\/wordpress\/plugins\/seo\/ -->\n<title>Keltendorf Mitterkirchen - Restaurant-Hotel Wallner zum gr\u00fcnen Baum<\/title>\n<meta name=\"robots\" content=\"index, follow, max-snippet:-1, max-image-preview:large, max-video-preview:-1\" \/>\n<link rel=\"canonical\" href=\"https:\/\/www.hotelwallner.at\/hu\/veranstaltungen\/keltendorfmitterkirchen\/\" \/>\n<meta property=\"og:locale\" content=\"hu_HU\" \/>\n<meta property=\"og:type\" content=\"article\" \/>\n<meta property=\"og:title\" content=\"Keltendorf Mitterkirchen - Restaurant-Hotel Wallner zum gr\u00fcnen Baum\" \/>\n<meta property=\"og:description\" content=\"Reisen Sie gemeinsam mit Ihrer Familie in die Urgeschichte\" \/>\n<meta property=\"og:url\" content=\"https:\/\/www.hotelwallner.at\/hu\/veranstaltungen\/keltendorfmitterkirchen\/\" \/>\n<meta property=\"og:site_name\" content=\"Restaurant-Hotel Wallner zum gr\u00fcnen Baum\" \/>\n<meta property=\"article:publisher\" content=\"https:\/\/www.facebook.com\/restauranthotelwallner\/\" \/>\n<meta property=\"article:published_time\" content=\"2020-10-08T14:26:30+00:00\" \/>\n<meta property=\"article:modified_time\" content=\"2020-11-30T19:23:38+00:00\" \/>\n<meta property=\"og:image\" content=\"https:\/\/www.hotelwallner.at\/wp2017\/wp-content\/uploads\/2020\/11\/freilichtmuseum.jpg\" \/>\n\t<meta property=\"og:image:width\" content=\"2048\" \/>\n\t<meta property=\"og:image:height\" content=\"1366\" \/>\n\t<meta property=\"og:image:type\" content=\"image\/jpeg\" \/>\n<meta name=\"author\" content=\"Stefan Wallner\" \/>\n<meta name=\"twitter:card\" content=\"summary_large_image\" \/>\n<meta name=\"twitter:label1\" content=\"Szerz\u0151:\" \/>\n\t<meta name=\"twitter:data1\" content=\"Stefan Wallner\" \/>\n<script type=\"application\/ld+json\" class=\"yoast-schema-graph\">{\"@context\":\"https:\/\/schema.org\",\"@graph\":[{\"@type\":\"Article\",\"@id\":\"https:\/\/www.hotelwallner.at\/hu\/veranstaltungen\/keltendorfmitterkirchen\/#article\",\"isPartOf\":{\"@id\":\"https:\/\/www.hotelwallner.at\/hu\/veranstaltungen\/keltendorfmitterkirchen\/\"},\"author\":{\"name\":\"Stefan Wallner\",\"@id\":\"https:\/\/www.hotelwallner.at\/#\/schema\/person\/0f06d2d1daa094f6a40743622cdb3e7b\"},\"headline\":\"Keltendorf Mitterkirchen\",\"datePublished\":\"2020-10-08T14:26:30+00:00\",\"dateModified\":\"2020-11-30T19:23:38+00:00\",\"mainEntityOfPage\":{\"@id\":\"https:\/\/www.hotelwallner.at\/hu\/veranstaltungen\/keltendorfmitterkirchen\/\"},\"wordCount\":38,\"publisher\":{\"@id\":\"https:\/\/www.hotelwallner.at\/#organization\"},\"image\":{\"@id\":\"https:\/\/www.hotelwallner.at\/hu\/veranstaltungen\/keltendorfmitterkirchen\/#primaryimage\"},\"thumbnailUrl\":\"https:\/\/www.hotelwallner.at\/wp2017\/wp-content\/uploads\/2020\/11\/freilichtmuseum.jpg\",\"articleSection\":[\"Sehensw\u00fcrdigkeiten\"],\"inLanguage\":\"hu\"},{\"@type\":\"WebPage\",\"@id\":\"https:\/\/www.hotelwallner.at\/hu\/veranstaltungen\/keltendorfmitterkirchen\/\",\"url\":\"https:\/\/www.hotelwallner.at\/hu\/veranstaltungen\/keltendorfmitterkirchen\/\",\"name\":\"Keltendorf Mitterkirchen - Restaurant-Hotel Wallner zum gr\u00fcnen Baum\",\"isPartOf\":{\"@id\":\"https:\/\/www.hotelwallner.at\/#website\"},\"primaryImageOfPage\":{\"@id\":\"https:\/\/www.hotelwallner.at\/hu\/veranstaltungen\/keltendorfmitterkirchen\/#primaryimage\"},\"image\":{\"@id\":\"https:\/\/www.hotelwallner.at\/hu\/veranstaltungen\/keltendorfmitterkirchen\/#primaryimage\"},\"thumbnailUrl\":\"https:\/\/www.hotelwallner.at\/wp2017\/wp-content\/uploads\/2020\/11\/freilichtmuseum.jpg\",\"datePublished\":\"2020-10-08T14:26:30+00:00\",\"dateModified\":\"2020-11-30T19:23:38+00:00\",\"breadcrumb\":{\"@id\":\"https:\/\/www.hotelwallner.at\/hu\/veranstaltungen\/keltendorfmitterkirchen\/#breadcrumb\"},\"inLanguage\":\"hu\",\"potentialAction\":[{\"@type\":\"ReadAction\",\"target\":[\"https:\/\/www.hotelwallner.at\/hu\/veranstaltungen\/keltendorfmitterkirchen\/\"]}]},{\"@type\":\"ImageObject\",\"inLanguage\":\"hu\",\"@id\":\"https:\/\/www.hotelwallner.at\/hu\/veranstaltungen\/keltendorfmitterkirchen\/#primaryimage\",\"url\":\"https:\/\/www.hotelwallner.at\/wp2017\/wp-content\/uploads\/2020\/11\/freilichtmuseum.jpg\",\"contentUrl\":\"https:\/\/www.hotelwallner.at\/wp2017\/wp-content\/uploads\/2020\/11\/freilichtmuseum.jpg\",\"width\":2048,\"height\":1366,\"caption\":\"Copyright: Gemeinde Mitterkirchen\"},{\"@type\":\"BreadcrumbList\",\"@id\":\"https:\/\/www.hotelwallner.at\/hu\/veranstaltungen\/keltendorfmitterkirchen\/#breadcrumb\",\"itemListElement\":[{\"@type\":\"ListItem\",\"position\":1,\"name\":\"Startseite\",\"item\":\"https:\/\/www.hotelwallner.at\/\"},{\"@type\":\"ListItem\",\"position\":2,\"name\":\"Keltendorf Mitterkirchen\"}]},{\"@type\":\"WebSite\",\"@id\":\"https:\/\/www.hotelwallner.at\/#website\",\"url\":\"https:\/\/www.hotelwallner.at\/\",\"name\":\"Restaurant - Hotel Wallner\",\"description\":\"Ihr Hotel &amp; Restaurant in St. Valentin im Mostviertel\",\"publisher\":{\"@id\":\"https:\/\/www.hotelwallner.at\/#organization\"},\"potentialAction\":[{\"@type\":\"SearchAction\",\"target\":{\"@type\":\"EntryPoint\",\"urlTemplate\":\"https:\/\/www.hotelwallner.at\/?s={search_term_string}\"},\"query-input\":\"required name=search_term_string\"}],\"inLanguage\":\"hu\"},{\"@type\":\"Organization\",\"@id\":\"https:\/\/www.hotelwallner.at\/#organization\",\"name\":\"Restaurant-Hotel Wallner zum gr\u00fcnen Baum\",\"url\":\"https:\/\/www.hotelwallner.at\/\",\"logo\":{\"@type\":\"ImageObject\",\"inLanguage\":\"hu\",\"@id\":\"https:\/\/www.hotelwallner.at\/#\/schema\/logo\/image\/\",\"url\":\"https:\/\/www.hotelwallner.at\/wp2017\/wp-content\/uploads\/2015\/05\/wallner-Logo.png\",\"contentUrl\":\"https:\/\/www.hotelwallner.at\/wp2017\/wp-content\/uploads\/2015\/05\/wallner-Logo.png\",\"width\":500,\"height\":245,\"caption\":\"Restaurant-Hotel Wallner zum gr\u00fcnen Baum\"},\"image\":{\"@id\":\"https:\/\/www.hotelwallner.at\/#\/schema\/logo\/image\/\"},\"sameAs\":[\"https:\/\/www.facebook.com\/restauranthotelwallner\/\",\"https:\/\/www.instagram.com\/restaurant_hotel_wallner\/\"]},{\"@type\":\"Person\",\"@id\":\"https:\/\/www.hotelwallner.at\/#\/schema\/person\/0f06d2d1daa094f6a40743622cdb3e7b\",\"name\":\"Stefan Wallner\",\"url\":\"https:\/\/www.hotelwallner.at\/hu\/veranstaltungen\/author\/stefan-wallner\/\"}]}<\/script>\n<!-- \/ Yoast SEO plugin. -->","yoast_head_json":{"title":"Keltendorf Mitterkirchen - Restaurant-Hotel Wallner zum gr\u00fcnen Baum","robots":{"index":"index","follow":"follow","max-snippet":"max-snippet:-1","max-image-preview":"max-image-preview:large","max-video-preview":"max-video-preview:-1"},"canonical":"https:\/\/www.hotelwallner.at\/hu\/veranstaltungen\/keltendorfmitterkirchen\/","og_locale":"hu_HU","og_type":"article","og_title":"Keltendorf Mitterkirchen - Restaurant-Hotel Wallner zum gr\u00fcnen Baum","og_description":"Reisen Sie gemeinsam mit Ihrer Familie in die Urgeschichte","og_url":"https:\/\/www.hotelwallner.at\/hu\/veranstaltungen\/keltendorfmitterkirchen\/","og_site_name":"Restaurant-Hotel Wallner zum gr\u00fcnen Baum","article_publisher":"https:\/\/www.facebook.com\/restauranthotelwallner\/","article_published_time":"2020-10-08T14:26:30+00:00","article_modified_time":"2020-11-30T19:23:38+00:00","og_image":[{"width":2048,"height":1366,"url":"https:\/\/www.hotelwallner.at\/wp2017\/wp-content\/uploads\/2020\/11\/freilichtmuseum.jpg","type":"image\/jpeg"}],"author":"Stefan Wallner","twitter_card":"summary_large_image","twitter_misc":{"Szerz\u0151:":"Stefan Wallner"},"schema":{"@context":"https:\/\/schema.org","@graph":[{"@type":"Article","@id":"https:\/\/www.hotelwallner.at\/hu\/veranstaltungen\/keltendorfmitterkirchen\/#article","isPartOf":{"@id":"https:\/\/www.hotelwallner.at\/hu\/veranstaltungen\/keltendorfmitterkirchen\/"},"author":{"name":"Stefan Wallner","@id":"https:\/\/www.hotelwallner.at\/#\/schema\/person\/0f06d2d1daa094f6a40743622cdb3e7b"},"headline":"Keltendorf Mitterkirchen","datePublished":"2020-10-08T14:26:30+00:00","dateModified":"2020-11-30T19:23:38+00:00","mainEntityOfPage":{"@id":"https:\/\/www.hotelwallner.at\/hu\/veranstaltungen\/keltendorfmitterkirchen\/"},"wordCount":38,"publisher":{"@id":"https:\/\/www.hotelwallner.at\/#organization"},"image":{"@id":"https:\/\/www.hotelwallner.at\/hu\/veranstaltungen\/keltendorfmitterkirchen\/#primaryimage"},"thumbnailUrl":"https:\/\/www.hotelwallner.at\/wp2017\/wp-content\/uploads\/2020\/11\/freilichtmuseum.jpg","articleSection":["Sehensw\u00fcrdigkeiten"],"inLanguage":"hu"},{"@type":"WebPage","@id":"https:\/\/www.hotelwallner.at\/hu\/veranstaltungen\/keltendorfmitterkirchen\/","url":"https:\/\/www.hotelwallner.at\/hu\/veranstaltungen\/keltendorfmitterkirchen\/","name":"Keltendorf Mitterkirchen - Restaurant-Hotel Wallner zum gr\u00fcnen Baum","isPartOf":{"@id":"https:\/\/www.hotelwallner.at\/#website"},"primaryImageOfPage":{"@id":"https:\/\/www.hotelwallner.at\/hu\/veranstaltungen\/keltendorfmitterkirchen\/#primaryimage"},"image":{"@id":"https:\/\/www.hotelwallner.at\/hu\/veranstaltungen\/keltendorfmitterkirchen\/#primaryimage"},"thumbnailUrl":"https:\/\/www.hotelwallner.at\/wp2017\/wp-content\/uploads\/2020\/11\/freilichtmuseum.jpg","datePublished":"2020-10-08T14:26:30+00:00","dateModified":"2020-11-30T19:23:38+00:00","breadcrumb":{"@id":"https:\/\/www.hotelwallner.at\/hu\/veranstaltungen\/keltendorfmitterkirchen\/#breadcrumb"},"inLanguage":"hu","potentialAction":[{"@type":"ReadAction","target":["https:\/\/www.hotelwallner.at\/hu\/veranstaltungen\/keltendorfmitterkirchen\/"]}]},{"@type":"ImageObject","inLanguage":"hu","@id":"https:\/\/www.hotelwallner.at\/hu\/veranstaltungen\/keltendorfmitterkirchen\/#primaryimage","url":"https:\/\/www.hotelwallner.at\/wp2017\/wp-content\/uploads\/2020\/11\/freilichtmuseum.jpg","contentUrl":"https:\/\/www.hotelwallner.at\/wp2017\/wp-content\/uploads\/2020\/11\/freilichtmuseum.jpg","width":2048,"height":1366,"caption":"Copyright: Gemeinde Mitterkirchen"},{"@type":"BreadcrumbList","@id":"https:\/\/www.hotelwallner.at\/hu\/veranstaltungen\/keltendorfmitterkirchen\/#breadcrumb","itemListElement":[{"@type":"ListItem","position":1,"name":"Startseite","item":"https:\/\/www.hotelwallner.at\/"},{"@type":"ListItem","position":2,"name":"Keltendorf Mitterkirchen"}]},{"@type":"WebSite","@id":"https:\/\/www.hotelwallner.at\/#website","url":"https:\/\/www.hotelwallner.at\/","name":"Restaurant - Hotel Wallner","description":"Ihr Hotel &amp; Restaurant in St. Valentin im Mostviertel","publisher":{"@id":"https:\/\/www.hotelwallner.at\/#organization"},"potentialAction":[{"@type":"SearchAction","target":{"@type":"EntryPoint","urlTemplate":"https:\/\/www.hotelwallner.at\/?s={search_term_string}"},"query-input":"required name=search_term_string"}],"inLanguage":"hu"},{"@type":"Organization","@id":"https:\/\/www.hotelwallner.at\/#organization","name":"Restaurant-Hotel Wallner zum gr\u00fcnen Baum","url":"https:\/\/www.hotelwallner.at\/","logo":{"@type":"ImageObject","inLanguage":"hu","@id":"https:\/\/www.hotelwallner.at\/#\/schema\/logo\/image\/","url":"https:\/\/www.hotelwallner.at\/wp2017\/wp-content\/uploads\/2015\/05\/wallner-Logo.png","contentUrl":"https:\/\/www.hotelwallner.at\/wp2017\/wp-content\/uploads\/2015\/05\/wallner-Logo.png","width":500,"height":245,"caption":"Restaurant-Hotel Wallner zum gr\u00fcnen Baum"},"image":{"@id":"https:\/\/www.hotelwallner.at\/#\/schema\/logo\/image\/"},"sameAs":["https:\/\/www.facebook.com\/restauranthotelwallner\/","https:\/\/www.instagram.com\/restaurant_hotel_wallner\/"]},{"@type":"Person","@id":"https:\/\/www.hotelwallner.at\/#\/schema\/person\/0f06d2d1daa094f6a40743622cdb3e7b","name":"Stefan Wallner","url":"https:\/\/www.hotelwallner.at\/hu\/veranstaltungen\/author\/stefan-wallner\/"}]}},"publishpress_future_action":{"enabled":false,"date":"2026-05-09 01:46:24","action":"change-status","newStatus":"draft","terms":[],"taxonomy":"category"},"_links":{"self":[{"href":"https:\/\/www.hotelwallner.at\/hu\/wp-json\/wp\/v2\/posts\/17110"}],"collection":[{"href":"https:\/\/www.hotelwallner.at\/hu\/wp-json\/wp\/v2\/posts"}],"about":[{"href":"https:\/\/www.hotelwallner.at\/hu\/wp-json\/wp\/v2\/types\/post"}],"author":[{"embeddable":true,"href":"https:\/\/www.hotelwallner.at\/hu\/wp-json\/wp\/v2\/users\/2"}],"replies":[{"embeddable":true,"href":"https:\/\/www.hotelwallner.at\/hu\/wp-json\/wp\/v2\/comments?post=17110"}],"version-history":[{"count":3,"href":"https:\/\/www.hotelwallner.at\/hu\/wp-json\/wp\/v2\/posts\/17110\/revisions"}],"predecessor-version":[{"id":17308,"href":"https:\/\/www.hotelwallner.at\/hu\/wp-json\/wp\/v2\/posts\/17110\/revisions\/17308"}],"wp:featuredmedia":[{"embeddable":true,"href":"https:\/\/www.hotelwallner.at\/hu\/wp-json\/wp\/v2\/media\/17231"}],"wp:attachment":[{"href":"https:\/\/www.hotelwallner.at\/hu\/wp-json\/wp\/v2\/media?parent=17110"}],"wp:term":[{"taxonomy":"category","embeddable":true,"href":"https:\/\/www.hotelwallner.at\/hu\/wp-json\/wp\/v2\/categories?post=17110"},{"taxonomy":"post_tag","embeddable":true,"href":"https:\/\/www.hotelwallner.at\/hu\/wp-json\/wp\/v2\/tags?post=17110"}],"curies":[{"name":"wp","href":"https:\/\/api.w.org\/{rel}","templated":true}]}}