{"id":17106,"date":"2020-10-08T16:21:50","date_gmt":"2020-10-08T14:21:50","guid":{"rendered":"https:\/\/www.hotelwallner.at\/?p=17106"},"modified":"2020-11-30T20:26:04","modified_gmt":"2020-11-30T19:26:04","slug":"enns","status":"publish","type":"post","link":"https:\/\/www.hotelwallner.at\/hu\/veranstaltungen\/enns\/","title":{"rendered":"Enns"},"content":{"rendered":"<p>A r\u00f3mai v\u00e1ros Enns Ausztria egyik leg\u00f6regebb v\u00e1rosa, mely a Duna \u00e9s az Enns foly\u00f3 partj\u00e1n fekszik. Az Enns foly\u00f3 sok kalandot rejteget, lehet\u0151s\u00e9get ny\u00fajt raftingoz\u00e1sra \u00e9s \u201ekanyonoz\u00e1sra\u201d az adrenalinra v\u00e1gy\u00f3knak.\nA k\u00fcl\u00f6n\u00f6sen sz\u00e9p v\u00e1rostorony, az Ennsegg Kast\u00e9ly (Schloss Ennsegg) \u00e9s az Enns-Lorch Bazilika (Basilika Enns-Lorch) minden \u00e9vben elb\u0171v\u00f6li a megsz\u00e1ml\u00e1lhatatlan l\u00e1togat\u00f3t.<\/p>\n<p><a href=\"https:\/\/erleben.enns.at\/tse\" target=\"_blank\" rel=\"noopener noreferrer\">Enns<\/a><\/p>\n<p>&nbsp;<\/p>","protected":false},"excerpt":{"rendered":"<p>Enns hat die \u00e4lteste, noch im Original erhaltene Stadtrechtsurkunde.<\/p>","protected":false},"author":2,"featured_media":17233,"comment_status":"closed","ping_status":"closed","sticky":false,"template":"","format":"standard","meta":{"footnotes":""},"categories":[103],"tags":[],"yoast_head":"<!-- This site is optimized with the Yoast SEO plugin v22.3 - https:\/\/yoast.com\/wordpress\/plugins\/seo\/ -->\n<title>Enns - Restaurant-Hotel Wallner zum gr\u00fcnen Baum<\/title>\n<meta name=\"robots\" content=\"index, follow, max-snippet:-1, max-image-preview:large, max-video-preview:-1\" \/>\n<link rel=\"canonical\" href=\"https:\/\/www.hotelwallner.at\/hu\/veranstaltungen\/enns\/\" \/>\n<meta property=\"og:locale\" content=\"hu_HU\" \/>\n<meta property=\"og:type\" content=\"article\" \/>\n<meta property=\"og:title\" content=\"Enns - Restaurant-Hotel Wallner zum gr\u00fcnen Baum\" \/>\n<meta property=\"og:description\" content=\"Enns hat die \u00e4lteste, noch im Original erhaltene Stadtrechtsurkunde.\" \/>\n<meta property=\"og:url\" content=\"https:\/\/www.hotelwallner.at\/hu\/veranstaltungen\/enns\/\" \/>\n<meta property=\"og:site_name\" content=\"Restaurant-Hotel Wallner zum gr\u00fcnen Baum\" \/>\n<meta property=\"article:publisher\" content=\"https:\/\/www.facebook.com\/restauranthotelwallner\/\" \/>\n<meta property=\"article:published_time\" content=\"2020-10-08T14:21:50+00:00\" \/>\n<meta property=\"article:modified_time\" content=\"2020-11-30T19:26:04+00:00\" \/>\n<meta property=\"og:image\" content=\"https:\/\/www.hotelwallner.at\/wp2017\/wp-content\/uploads\/2020\/11\/enns_stadtturm.jpg\" \/>\n\t<meta property=\"og:image:width\" content=\"2048\" \/>\n\t<meta property=\"og:image:height\" content=\"1367\" \/>\n\t<meta property=\"og:image:type\" content=\"image\/jpeg\" \/>\n<meta name=\"author\" content=\"Stefan Wallner\" \/>\n<meta name=\"twitter:card\" content=\"summary_large_image\" \/>\n<meta name=\"twitter:label1\" content=\"Szerz\u0151:\" \/>\n\t<meta name=\"twitter:data1\" content=\"Stefan Wallner\" \/>\n<script type=\"application\/ld+json\" class=\"yoast-schema-graph\">{\"@context\":\"https:\/\/schema.org\",\"@graph\":[{\"@type\":\"Article\",\"@id\":\"https:\/\/www.hotelwallner.at\/hu\/veranstaltungen\/enns\/#article\",\"isPartOf\":{\"@id\":\"https:\/\/www.hotelwallner.at\/hu\/veranstaltungen\/enns\/\"},\"author\":{\"name\":\"Stefan Wallner\",\"@id\":\"https:\/\/www.hotelwallner.at\/#\/schema\/person\/0f06d2d1daa094f6a40743622cdb3e7b\"},\"headline\":\"Enns\",\"datePublished\":\"2020-10-08T14:21:50+00:00\",\"dateModified\":\"2020-11-30T19:26:04+00:00\",\"mainEntityOfPage\":{\"@id\":\"https:\/\/www.hotelwallner.at\/hu\/veranstaltungen\/enns\/\"},\"wordCount\":56,\"publisher\":{\"@id\":\"https:\/\/www.hotelwallner.at\/#organization\"},\"image\":{\"@id\":\"https:\/\/www.hotelwallner.at\/hu\/veranstaltungen\/enns\/#primaryimage\"},\"thumbnailUrl\":\"https:\/\/www.hotelwallner.at\/wp2017\/wp-content\/uploads\/2020\/11\/enns_stadtturm.jpg\",\"articleSection\":[\"Sehensw\u00fcrdigkeiten\"],\"inLanguage\":\"hu\"},{\"@type\":\"WebPage\",\"@id\":\"https:\/\/www.hotelwallner.at\/hu\/veranstaltungen\/enns\/\",\"url\":\"https:\/\/www.hotelwallner.at\/hu\/veranstaltungen\/enns\/\",\"name\":\"Enns - Restaurant-Hotel Wallner zum gr\u00fcnen Baum\",\"isPartOf\":{\"@id\":\"https:\/\/www.hotelwallner.at\/#website\"},\"primaryImageOfPage\":{\"@id\":\"https:\/\/www.hotelwallner.at\/hu\/veranstaltungen\/enns\/#primaryimage\"},\"image\":{\"@id\":\"https:\/\/www.hotelwallner.at\/hu\/veranstaltungen\/enns\/#primaryimage\"},\"thumbnailUrl\":\"https:\/\/www.hotelwallner.at\/wp2017\/wp-content\/uploads\/2020\/11\/enns_stadtturm.jpg\",\"datePublished\":\"2020-10-08T14:21:50+00:00\",\"dateModified\":\"2020-11-30T19:26:04+00:00\",\"breadcrumb\":{\"@id\":\"https:\/\/www.hotelwallner.at\/hu\/veranstaltungen\/enns\/#breadcrumb\"},\"inLanguage\":\"hu\",\"potentialAction\":[{\"@type\":\"ReadAction\",\"target\":[\"https:\/\/www.hotelwallner.at\/hu\/veranstaltungen\/enns\/\"]}]},{\"@type\":\"ImageObject\",\"inLanguage\":\"hu\",\"@id\":\"https:\/\/www.hotelwallner.at\/hu\/veranstaltungen\/enns\/#primaryimage\",\"url\":\"https:\/\/www.hotelwallner.at\/wp2017\/wp-content\/uploads\/2020\/11\/enns_stadtturm.jpg\",\"contentUrl\":\"https:\/\/www.hotelwallner.at\/wp2017\/wp-content\/uploads\/2020\/11\/enns_stadtturm.jpg\",\"width\":2048,\"height\":1367,\"caption\":\"Ausflugsziel Enns\"},{\"@type\":\"BreadcrumbList\",\"@id\":\"https:\/\/www.hotelwallner.at\/hu\/veranstaltungen\/enns\/#breadcrumb\",\"itemListElement\":[{\"@type\":\"ListItem\",\"position\":1,\"name\":\"Startseite\",\"item\":\"https:\/\/www.hotelwallner.at\/\"},{\"@type\":\"ListItem\",\"position\":2,\"name\":\"Enns\"}]},{\"@type\":\"WebSite\",\"@id\":\"https:\/\/www.hotelwallner.at\/#website\",\"url\":\"https:\/\/www.hotelwallner.at\/\",\"name\":\"Restaurant - Hotel Wallner\",\"description\":\"Ihr Hotel &amp; Restaurant in St. Valentin im Mostviertel\",\"publisher\":{\"@id\":\"https:\/\/www.hotelwallner.at\/#organization\"},\"potentialAction\":[{\"@type\":\"SearchAction\",\"target\":{\"@type\":\"EntryPoint\",\"urlTemplate\":\"https:\/\/www.hotelwallner.at\/?s={search_term_string}\"},\"query-input\":\"required name=search_term_string\"}],\"inLanguage\":\"hu\"},{\"@type\":\"Organization\",\"@id\":\"https:\/\/www.hotelwallner.at\/#organization\",\"name\":\"Restaurant-Hotel Wallner zum gr\u00fcnen Baum\",\"url\":\"https:\/\/www.hotelwallner.at\/\",\"logo\":{\"@type\":\"ImageObject\",\"inLanguage\":\"hu\",\"@id\":\"https:\/\/www.hotelwallner.at\/#\/schema\/logo\/image\/\",\"url\":\"https:\/\/www.hotelwallner.at\/wp2017\/wp-content\/uploads\/2015\/05\/wallner-Logo.png\",\"contentUrl\":\"https:\/\/www.hotelwallner.at\/wp2017\/wp-content\/uploads\/2015\/05\/wallner-Logo.png\",\"width\":500,\"height\":245,\"caption\":\"Restaurant-Hotel Wallner zum gr\u00fcnen Baum\"},\"image\":{\"@id\":\"https:\/\/www.hotelwallner.at\/#\/schema\/logo\/image\/\"},\"sameAs\":[\"https:\/\/www.facebook.com\/restauranthotelwallner\/\",\"https:\/\/www.instagram.com\/restaurant_hotel_wallner\/\"]},{\"@type\":\"Person\",\"@id\":\"https:\/\/www.hotelwallner.at\/#\/schema\/person\/0f06d2d1daa094f6a40743622cdb3e7b\",\"name\":\"Stefan Wallner\",\"url\":\"https:\/\/www.hotelwallner.at\/hu\/veranstaltungen\/author\/stefan-wallner\/\"}]}<\/script>\n<!-- \/ Yoast SEO plugin. -->","yoast_head_json":{"title":"Enns - Restaurant-Hotel Wallner zum gr\u00fcnen Baum","robots":{"index":"index","follow":"follow","max-snippet":"max-snippet:-1","max-image-preview":"max-image-preview:large","max-video-preview":"max-video-preview:-1"},"canonical":"https:\/\/www.hotelwallner.at\/hu\/veranstaltungen\/enns\/","og_locale":"hu_HU","og_type":"article","og_title":"Enns - Restaurant-Hotel Wallner zum gr\u00fcnen Baum","og_description":"Enns hat die \u00e4lteste, noch im Original erhaltene Stadtrechtsurkunde.","og_url":"https:\/\/www.hotelwallner.at\/hu\/veranstaltungen\/enns\/","og_site_name":"Restaurant-Hotel Wallner zum gr\u00fcnen Baum","article_publisher":"https:\/\/www.facebook.com\/restauranthotelwallner\/","article_published_time":"2020-10-08T14:21:50+00:00","article_modified_time":"2020-11-30T19:26:04+00:00","og_image":[{"width":2048,"height":1367,"url":"https:\/\/www.hotelwallner.at\/wp2017\/wp-content\/uploads\/2020\/11\/enns_stadtturm.jpg","type":"image\/jpeg"}],"author":"Stefan Wallner","twitter_card":"summary_large_image","twitter_misc":{"Szerz\u0151:":"Stefan Wallner"},"schema":{"@context":"https:\/\/schema.org","@graph":[{"@type":"Article","@id":"https:\/\/www.hotelwallner.at\/hu\/veranstaltungen\/enns\/#article","isPartOf":{"@id":"https:\/\/www.hotelwallner.at\/hu\/veranstaltungen\/enns\/"},"author":{"name":"Stefan Wallner","@id":"https:\/\/www.hotelwallner.at\/#\/schema\/person\/0f06d2d1daa094f6a40743622cdb3e7b"},"headline":"Enns","datePublished":"2020-10-08T14:21:50+00:00","dateModified":"2020-11-30T19:26:04+00:00","mainEntityOfPage":{"@id":"https:\/\/www.hotelwallner.at\/hu\/veranstaltungen\/enns\/"},"wordCount":56,"publisher":{"@id":"https:\/\/www.hotelwallner.at\/#organization"},"image":{"@id":"https:\/\/www.hotelwallner.at\/hu\/veranstaltungen\/enns\/#primaryimage"},"thumbnailUrl":"https:\/\/www.hotelwallner.at\/wp2017\/wp-content\/uploads\/2020\/11\/enns_stadtturm.jpg","articleSection":["Sehensw\u00fcrdigkeiten"],"inLanguage":"hu"},{"@type":"WebPage","@id":"https:\/\/www.hotelwallner.at\/hu\/veranstaltungen\/enns\/","url":"https:\/\/www.hotelwallner.at\/hu\/veranstaltungen\/enns\/","name":"Enns - Restaurant-Hotel Wallner zum gr\u00fcnen Baum","isPartOf":{"@id":"https:\/\/www.hotelwallner.at\/#website"},"primaryImageOfPage":{"@id":"https:\/\/www.hotelwallner.at\/hu\/veranstaltungen\/enns\/#primaryimage"},"image":{"@id":"https:\/\/www.hotelwallner.at\/hu\/veranstaltungen\/enns\/#primaryimage"},"thumbnailUrl":"https:\/\/www.hotelwallner.at\/wp2017\/wp-content\/uploads\/2020\/11\/enns_stadtturm.jpg","datePublished":"2020-10-08T14:21:50+00:00","dateModified":"2020-11-30T19:26:04+00:00","breadcrumb":{"@id":"https:\/\/www.hotelwallner.at\/hu\/veranstaltungen\/enns\/#breadcrumb"},"inLanguage":"hu","potentialAction":[{"@type":"ReadAction","target":["https:\/\/www.hotelwallner.at\/hu\/veranstaltungen\/enns\/"]}]},{"@type":"ImageObject","inLanguage":"hu","@id":"https:\/\/www.hotelwallner.at\/hu\/veranstaltungen\/enns\/#primaryimage","url":"https:\/\/www.hotelwallner.at\/wp2017\/wp-content\/uploads\/2020\/11\/enns_stadtturm.jpg","contentUrl":"https:\/\/www.hotelwallner.at\/wp2017\/wp-content\/uploads\/2020\/11\/enns_stadtturm.jpg","width":2048,"height":1367,"caption":"Ausflugsziel Enns"},{"@type":"BreadcrumbList","@id":"https:\/\/www.hotelwallner.at\/hu\/veranstaltungen\/enns\/#breadcrumb","itemListElement":[{"@type":"ListItem","position":1,"name":"Startseite","item":"https:\/\/www.hotelwallner.at\/"},{"@type":"ListItem","position":2,"name":"Enns"}]},{"@type":"WebSite","@id":"https:\/\/www.hotelwallner.at\/#website","url":"https:\/\/www.hotelwallner.at\/","name":"Restaurant - Hotel Wallner","description":"Ihr Hotel &amp; Restaurant in St. Valentin im Mostviertel","publisher":{"@id":"https:\/\/www.hotelwallner.at\/#organization"},"potentialAction":[{"@type":"SearchAction","target":{"@type":"EntryPoint","urlTemplate":"https:\/\/www.hotelwallner.at\/?s={search_term_string}"},"query-input":"required name=search_term_string"}],"inLanguage":"hu"},{"@type":"Organization","@id":"https:\/\/www.hotelwallner.at\/#organization","name":"Restaurant-Hotel Wallner zum gr\u00fcnen Baum","url":"https:\/\/www.hotelwallner.at\/","logo":{"@type":"ImageObject","inLanguage":"hu","@id":"https:\/\/www.hotelwallner.at\/#\/schema\/logo\/image\/","url":"https:\/\/www.hotelwallner.at\/wp2017\/wp-content\/uploads\/2015\/05\/wallner-Logo.png","contentUrl":"https:\/\/www.hotelwallner.at\/wp2017\/wp-content\/uploads\/2015\/05\/wallner-Logo.png","width":500,"height":245,"caption":"Restaurant-Hotel Wallner zum gr\u00fcnen Baum"},"image":{"@id":"https:\/\/www.hotelwallner.at\/#\/schema\/logo\/image\/"},"sameAs":["https:\/\/www.facebook.com\/restauranthotelwallner\/","https:\/\/www.instagram.com\/restaurant_hotel_wallner\/"]},{"@type":"Person","@id":"https:\/\/www.hotelwallner.at\/#\/schema\/person\/0f06d2d1daa094f6a40743622cdb3e7b","name":"Stefan Wallner","url":"https:\/\/www.hotelwallner.at\/hu\/veranstaltungen\/author\/stefan-wallner\/"}]}},"publishpress_future_action":{"enabled":false,"date":"2026-05-08 21:12:27","action":"change-status","newStatus":"draft","terms":[],"taxonomy":"category"},"_links":{"self":[{"href":"https:\/\/www.hotelwallner.at\/hu\/wp-json\/wp\/v2\/posts\/17106"}],"collection":[{"href":"https:\/\/www.hotelwallner.at\/hu\/wp-json\/wp\/v2\/posts"}],"about":[{"href":"https:\/\/www.hotelwallner.at\/hu\/wp-json\/wp\/v2\/types\/post"}],"author":[{"embeddable":true,"href":"https:\/\/www.hotelwallner.at\/hu\/wp-json\/wp\/v2\/users\/2"}],"replies":[{"embeddable":true,"href":"https:\/\/www.hotelwallner.at\/hu\/wp-json\/wp\/v2\/comments?post=17106"}],"version-history":[{"count":3,"href":"https:\/\/www.hotelwallner.at\/hu\/wp-json\/wp\/v2\/posts\/17106\/revisions"}],"predecessor-version":[{"id":17310,"href":"https:\/\/www.hotelwallner.at\/hu\/wp-json\/wp\/v2\/posts\/17106\/revisions\/17310"}],"wp:featuredmedia":[{"embeddable":true,"href":"https:\/\/www.hotelwallner.at\/hu\/wp-json\/wp\/v2\/media\/17233"}],"wp:attachment":[{"href":"https:\/\/www.hotelwallner.at\/hu\/wp-json\/wp\/v2\/media?parent=17106"}],"wp:term":[{"taxonomy":"category","embeddable":true,"href":"https:\/\/www.hotelwallner.at\/hu\/wp-json\/wp\/v2\/categories?post=17106"},{"taxonomy":"post_tag","embeddable":true,"href":"https:\/\/www.hotelwallner.at\/hu\/wp-json\/wp\/v2\/tags?post=17106"}],"curies":[{"name":"wp","href":"https:\/\/api.w.org\/{rel}","templated":true}]}}